{"id":4429,"date":"2024-11-22T09:12:23","date_gmt":"2024-11-22T09:12:23","guid":{"rendered":"https:\/\/sellent.es\/?p=4429"},"modified":"2024-12-11T09:13:41","modified_gmt":"2024-12-11T09:13:41","slug":"subvencio-de-la-diputacio-de-valencia-a-sellent","status":"publish","type":"post","link":"https:\/\/sellent.es\/es\/subvencio-de-la-diputacio-de-valencia-a-sellent\/","title":{"rendered":"Subvenci\u00f3n de la Diputaci\u00f3n de Valencia en Sellent"},"content":{"rendered":"<!--themify_builder_content-->\n<div id=\"themify_builder_content-4429\" data-postid=\"4429\" class=\"themify_builder_content themify_builder_content-4429 themify_builder tf_clear\">\n                    <div  data-lazy=\"1\" class=\"module_row themify_builder_row tb_cris216 tb_first tf_w\">\n                        <div class=\"row_inner col_align_top tb_col_count_1 tf_box tf_rel\">\n                        <div  data-lazy=\"1\" class=\"module_column tb-column col-full tb_dk74217 first\">\n                    <!-- module text -->\n<div  class=\"module module-text tb_8obk747\" data-lazy=\"1\">\n        <div  class=\"tb_text_wrap\">\n        <p><span data-olk-copy-source=\"MessageBody\">Subvenci\u00f3n de la Diputaci\u00f3n de Valencia en Sellent, dirigida a municipios rurales con riesgo de despoblaci\u00f3n al o muy alto y elevada ruralidad del Centro de Turismo de la Diputaci\u00f3n de Valencia por importe de 4.208\u20ac para la actuaci\u00f3n: Edici\u00f3n de un folleto tur\u00edstico digital y actualizaci\u00f3n contenido totem digital de Sellent.<\/span><\/p>    <\/div>\n<\/div>\n<!-- \/module text -->        <\/div>\n                        <\/div>\n        <\/div>\n        <\/div>\n<!--\/themify_builder_content-->\n\n\n<div data-wp-interactive=\"core\/file\" class=\"wp-block-file\"><object data-wp-bind--hidden=\"!state.hasPdfPreview\" hidden class=\"wp-block-file__embed\" data=\"https:\/\/sellent.es\/wp-content\/uploads\/2024\/11\/LOGO-ValenciaTurisme-COLOR-I-DIPU.pdf\" type=\"application\/pdf\" style=\"width:100%;height:600px\" aria-label=\"Incrustado de LOGO ValenciaTurismo-COLOR Y DIPU.\"><\/object><a id=\"wp-block-file--media-724cba31-8749-4271-879a-d25c03716cbb\" href=\"https:\/\/sellent.es\/wp-content\/uploads\/2024\/11\/LOGO-ValenciaTurisme-COLOR-I-DIPU.pdf\">LOGO ValenciaTurismo-COLOR Y DIPU<\/a><a href=\"https:\/\/sellent.es\/wp-content\/uploads\/2024\/11\/LOGO-ValenciaTurisme-COLOR-I-DIPU.pdf\" class=\"wp-block-file__button wp-element-button\" download aria-describedby=\"wp-block-file--media-724cba31-8749-4271-879a-d25c03716cbb\">Baja<\/a><\/div>\n\n\n\n<figure class=\"wp-block-image size-large\"><img loading=\"lazy\" decoding=\"async\" width=\"1024\" height=\"576\" src=\"https:\/\/sellent.es\/wp-content\/uploads\/2024\/11\/logo-diputacio-1-1024x576.jpg\" alt=\"\" class=\"wp-image-4430\" srcset=\"https:\/\/sellent.es\/wp-content\/uploads\/2024\/11\/logo-diputacio-1-1024x576.jpg 1024w, https:\/\/sellent.es\/wp-content\/uploads\/2024\/11\/logo-diputacio-1-300x169.jpg 300w, https:\/\/sellent.es\/wp-content\/uploads\/2024\/11\/logo-diputacio-1-768x432.jpg 768w, https:\/\/sellent.es\/wp-content\/uploads\/2024\/11\/logo-diputacio-1-1536x864.jpg 1536w, https:\/\/sellent.es\/wp-content\/uploads\/2024\/11\/logo-diputacio-1-2048x1152.jpg 2048w, https:\/\/sellent.es\/wp-content\/uploads\/2024\/11\/logo-diputacio-1-18x10.jpg 18w\" sizes=\"auto, (max-width: 1024px) 100vw, 1024px\" \/><\/figure>\n\n\n\n<figure class=\"wp-block-image size-full\"><img loading=\"lazy\" decoding=\"async\" width=\"650\" height=\"207\" src=\"https:\/\/sellent.es\/wp-content\/uploads\/2024\/11\/MARCA-VALENCIA-TURISME-COLOR-1.jpg\" alt=\"\" class=\"wp-image-4442\" srcset=\"https:\/\/sellent.es\/wp-content\/uploads\/2024\/11\/MARCA-VALENCIA-TURISME-COLOR-1.jpg 650w, https:\/\/sellent.es\/wp-content\/uploads\/2024\/11\/MARCA-VALENCIA-TURISME-COLOR-1-300x96.jpg 300w, https:\/\/sellent.es\/wp-content\/uploads\/2024\/11\/MARCA-VALENCIA-TURISME-COLOR-1-18x6.jpg 18w\" sizes=\"auto, (max-width: 650px) 100vw, 650px\" \/><\/figure>","protected":false},"excerpt":{"rendered":"<p>Subvenci\u00f3n de la Diputaci\u00f3n de Valencia en Sellent, dirigida a municipios rurales con riesgo de despoblaci\u00f3n al o muy alto y elevada ruralidad del Centro de Turismo de la Diputaci\u00f3n de Valencia por importe de 4.208\u20ac para la actuaci\u00f3n: Edici\u00f3n de un folleto tur\u00edstico digital y actualizaci\u00f3n contenido totem digital de Sellent.<\/p>","protected":false},"author":3,"featured_media":4430,"comment_status":"open","ping_status":"closed","sticky":false,"template":"","format":"standard","meta":{"footnotes":""},"categories":[7],"tags":[],"class_list":["post-4429","post","type-post","status-publish","format-standard","has-post-thumbnail","hentry","category-novetats","has-post-title","has-post-date","has-post-category","has-post-tag","has-post-comment","has-post-author",""],"builder_content":"<p>Subvenci\u00f3 de la Diputaci\u00f3 de Val\u00e8ncia a Sellent, dirigida a municipis rurals amb risc de despoblaci\u00f3 al o molt alt i elevada ruralitat del Centre de Turisme de la Diputaci\u00f3 de Val\u00e8ncia per import de 4.208\u20ac per a l'actuaci\u00f3: Edici\u00f3 d'un fullet tur\u00edstic digital i actualitzaci\u00f3 contingut totem digital de Sellent.<\/p>","_links":{"self":[{"href":"https:\/\/sellent.es\/es\/wp-json\/wp\/v2\/posts\/4429","targetHints":{"allow":["GET"]}}],"collection":[{"href":"https:\/\/sellent.es\/es\/wp-json\/wp\/v2\/posts"}],"about":[{"href":"https:\/\/sellent.es\/es\/wp-json\/wp\/v2\/types\/post"}],"author":[{"embeddable":true,"href":"https:\/\/sellent.es\/es\/wp-json\/wp\/v2\/users\/3"}],"replies":[{"embeddable":true,"href":"https:\/\/sellent.es\/es\/wp-json\/wp\/v2\/comments?post=4429"}],"version-history":[{"count":3,"href":"https:\/\/sellent.es\/es\/wp-json\/wp\/v2\/posts\/4429\/revisions"}],"predecessor-version":[{"id":4444,"href":"https:\/\/sellent.es\/es\/wp-json\/wp\/v2\/posts\/4429\/revisions\/4444"}],"wp:featuredmedia":[{"embeddable":true,"href":"https:\/\/sellent.es\/es\/wp-json\/wp\/v2\/media\/4430"}],"wp:attachment":[{"href":"https:\/\/sellent.es\/es\/wp-json\/wp\/v2\/media?parent=4429"}],"wp:term":[{"taxonomy":"category","embeddable":true,"href":"https:\/\/sellent.es\/es\/wp-json\/wp\/v2\/categories?post=4429"},{"taxonomy":"post_tag","embeddable":true,"href":"https:\/\/sellent.es\/es\/wp-json\/wp\/v2\/tags?post=4429"}],"curies":[{"name":"wp","href":"https:\/\/api.w.org\/{rel}","templated":true}]}}