{"id":4490,"date":"2025-02-27T14:04:33","date_gmt":"2025-02-27T14:04:33","guid":{"rendered":"https:\/\/sellent.es\/?p=4490"},"modified":"2025-02-27T14:04:34","modified_gmt":"2025-02-27T14:04:34","slug":"a-sellent-ens-encanta-rebre-visites","status":"publish","type":"post","link":"https:\/\/sellent.es\/es\/a-sellent-ens-encanta-rebre-visites\/","title":{"rendered":"En Sellent nos encanta recibir visitas"},"content":{"rendered":"<!--themify_builder_content-->\n<div id=\"themify_builder_content-4490\" data-postid=\"4490\" class=\"themify_builder_content themify_builder_content-4490 themify_builder tf_clear\">\n                    <div  data-lazy=\"1\" class=\"module_row themify_builder_row tb_zxck2 tb_first tf_w\">\n                        <div class=\"row_inner col_align_top tb_col_count_1 tf_box tf_rel\">\n                        <div  data-lazy=\"1\" class=\"module_column tb-column col-full tb_loli3 first\">\n                    <!-- module text -->\n<div  class=\"module module-text tb_z5pk908\" data-lazy=\"1\">\n        <div  class=\"tb_text_wrap\">\n        <p>Nos encanta recibir visitas, que la gente de otros pueblos venga a conocer nuestro entorno, nuestro pueblo.<\/p><p>En Sellent, tenemos el compromiso de aprender a amar y cuidar a nuestro pueblo y su entorno natural cada d\u00eda m\u00e1s. Y queremos que las personas que nos eligen para realizar rutas de senderismo comparten con nosotros ese mismo objetivo.<\/p><p>Juntos y juntas, recorremos el camino hacia la sostenibilidad. Porque queremos que los parajes que nosotros disfrutamos hoy, les puedan disfrutar tambi\u00e9n las generaciones que vendr\u00e1n.<\/p><p>Este v\u00eddeo ha sido financiado por la Vicepresidencia Primera y Conselleria de Servicios Sociales, Igualdad y Vivienda de la Generalitat Valenciana, y en colaboraci\u00f3n con Sequoia Pro<\/p>    <\/div>\n<\/div>\n<!-- \/module text -->        <\/div>\n                        <\/div>\n        <\/div>\n                        <div  data-lazy=\"1\" class=\"module_row themify_builder_row tb_bmvh784 tf_w\">\n                        <div class=\"row_inner col_align_top tb_col_count_1 tf_box tf_rel\">\n                        <div  data-lazy=\"1\" class=\"module_column tb-column col-full tb_5lea784 first\">\n                    <!-- module video -->\n<div  class=\"module module-video tb_on4l796 video-top\" data-lazy=\"1\">\n                    <div class=\"video-wrap-outer\">\n            <div class=\"video-wrap tf_rel tf_overflow\">\n                                    <noscript><iframe data-no-script src=\"https:\/\/www.youtube.com\/embed\/_sJusSQQYNM?pip=1&#038;playsinline=1\" allow=\"accelerometer;encrypted-media;gyroscope;picture-in-picture;fullscreen\" class=\"tf_abs tf_w tf_h\"><\/iframe><\/noscript>\n                                <\/div>\n            <!-- \/video-wrap -->\n        <\/div>\n        <!-- \/video-wrap-outer -->\n            <\/div>\n        <\/div>\n                        <\/div>\n        <\/div>\n        <\/div>\n<!--\/themify_builder_content-->","protected":false},"excerpt":{"rendered":"<p>Ens encanta rebre visites, que la gent d\u2019altres pobles vinga a con\u00e8ixer el nostre entorn, el nostre poble.A Sellent, tenim el comprom\u00eds d\u2019aprendre a estimar i cuidar el nostre poble i el seu entorn natural cada dia m\u00e9s. I volem que les persones que ens trien per fer rutes de senderisme comparteixen amb nosaltres eixa [&hellip;]<\/p>\n","protected":false},"author":3,"featured_media":4491,"comment_status":"open","ping_status":"closed","sticky":false,"template":"","format":"standard","meta":{"footnotes":""},"categories":[7],"tags":[],"class_list":["post-4490","post","type-post","status-publish","format-standard","has-post-thumbnail","hentry","category-novetats","has-post-title","has-post-date","has-post-category","has-post-tag","has-post-comment","has-post-author",""],"builder_content":"<p>Ens encanta rebre visites, que la gent d\u2019altres pobles vinga a con\u00e8ixer el nostre entorn, el nostre poble.<\/p><p>A Sellent, tenim el comprom\u00eds d\u2019aprendre a estimar i cuidar el nostre poble i el seu entorn natural cada dia m\u00e9s. I volem que les persones que ens trien per fer rutes de senderisme comparteixen amb nosaltres eixa mateix objectiu.<\/p><p>Junts i juntes, recorrem el cam\u00ed cap a la sostenibilitat. Perqu\u00e8 volem que els paratges que nosaltres disfrutem hui, els puguen disfrutar tamb\u00e9 les generacions que vindran.<\/p><p>Aquest v\u00eddeo ha sigut finan\u00e7at per la Vicepresid\u00e8ncia Primera i Conselleria de Serveis Socials, Igualtat i Vivenda de la Generalitat Valenciana, i en col\u00b7laboraci\u00f3 amb Sequoia Pro<\/p>\n[embed]https:\/\/www.youtube.com\/shorts\/_sJusSQQYNM[\/embed]","_links":{"self":[{"href":"https:\/\/sellent.es\/es\/wp-json\/wp\/v2\/posts\/4490","targetHints":{"allow":["GET"]}}],"collection":[{"href":"https:\/\/sellent.es\/es\/wp-json\/wp\/v2\/posts"}],"about":[{"href":"https:\/\/sellent.es\/es\/wp-json\/wp\/v2\/types\/post"}],"author":[{"embeddable":true,"href":"https:\/\/sellent.es\/es\/wp-json\/wp\/v2\/users\/3"}],"replies":[{"embeddable":true,"href":"https:\/\/sellent.es\/es\/wp-json\/wp\/v2\/comments?post=4490"}],"version-history":[{"count":5,"href":"https:\/\/sellent.es\/es\/wp-json\/wp\/v2\/posts\/4490\/revisions"}],"predecessor-version":[{"id":4497,"href":"https:\/\/sellent.es\/es\/wp-json\/wp\/v2\/posts\/4490\/revisions\/4497"}],"wp:featuredmedia":[{"embeddable":true,"href":"https:\/\/sellent.es\/es\/wp-json\/wp\/v2\/media\/4491"}],"wp:attachment":[{"href":"https:\/\/sellent.es\/es\/wp-json\/wp\/v2\/media?parent=4490"}],"wp:term":[{"taxonomy":"category","embeddable":true,"href":"https:\/\/sellent.es\/es\/wp-json\/wp\/v2\/categories?post=4490"},{"taxonomy":"post_tag","embeddable":true,"href":"https:\/\/sellent.es\/es\/wp-json\/wp\/v2\/tags?post=4490"}],"curies":[{"name":"wp","href":"https:\/\/api.w.org\/{rel}","templated":true}]}}