{"id":4502,"date":"2025-03-03T14:51:54","date_gmt":"2025-03-03T14:51:54","guid":{"rendered":"https:\/\/sellent.es\/?p=4502"},"modified":"2025-03-03T14:51:55","modified_gmt":"2025-03-03T14:51:55","slug":"lajuntament-de-sellent-ha-adquirit-2-maquines-noves-gracies-a-la-subvencio-de-la-diputacio-de-valencia","status":"publish","type":"post","link":"https:\/\/sellent.es\/es\/lajuntament-de-sellent-ha-adquirit-2-maquines-noves-gracies-a-la-subvencio-de-la-diputacio-de-valencia\/","title":{"rendered":"El Ayuntamiento de Sellent ha adquirido 2 m\u00e1quinas nuevas gracias a la subvenci\u00f3n de la Diputaci\u00f3n de Valencia"},"content":{"rendered":"<!--themify_builder_content-->\n<div id=\"themify_builder_content-4502\" data-postid=\"4502\" class=\"themify_builder_content themify_builder_content-4502 themify_builder tf_clear\">\n                    <div  data-lazy=\"1\" class=\"module_row themify_builder_row tb_ifr668 tb_first tf_w\">\n                        <div class=\"row_inner col_align_top tb_col_count_1 tf_box tf_rel\">\n                        <div  data-lazy=\"1\" class=\"module_column tb-column col-full tb_oisa69 first\">\n                    <!-- module text -->\n<div  class=\"module module-text tb_ry06861\" data-lazy=\"1\">\n        <div  class=\"tb_text_wrap\">\n        <p><span data-olk-copy-source=\"MessageBody\">El Ayuntamiento de Sellent ha adquirido 2 m\u00e1quinas nuevas, &quot;2 dep\u00f3sitos remolcables de agua: equipo d\u00fao multiprop\u00f3sito contra incendios forestales&quot; con la subvenci\u00f3n para la gesti\u00f3n forestal y la prevenci\u00f3n de incendios forestales de Reacciona 2023 de la Diputaci\u00f3n de Valencia por importe de\u00a0<\/span>13.081,40 \u20ac para incentivar las inversiones en materia de prevenci\u00f3n de incendios forestales.<\/p>    <\/div>\n<\/div>\n<!-- \/module text -->        <\/div>\n                        <\/div>\n        <\/div>\n        <\/div>\n<!--\/themify_builder_content-->\n\n\n<figure class=\"wp-block-video\"><video height=\"1080\" style=\"aspect-ratio: 1920 \/ 1080;\" width=\"1920\" controls src=\"https:\/\/sellent.es\/wp-content\/uploads\/2025\/03\/video-REACCIONA-2023_260225.mp4\"><\/video><\/figure>\n\n\n\n<figure class=\"wp-block-image size-large\"><img loading=\"lazy\" decoding=\"async\" width=\"1024\" height=\"786\" src=\"https:\/\/sellent.es\/wp-content\/uploads\/2025\/03\/diposits-2-1024x786.jpeg\" alt=\"\" class=\"wp-image-4503\" srcset=\"https:\/\/sellent.es\/wp-content\/uploads\/2025\/03\/diposits-2-1024x786.jpeg 1024w, https:\/\/sellent.es\/wp-content\/uploads\/2025\/03\/diposits-2-300x230.jpeg 300w, https:\/\/sellent.es\/wp-content\/uploads\/2025\/03\/diposits-2-768x590.jpeg 768w, https:\/\/sellent.es\/wp-content\/uploads\/2025\/03\/diposits-2-16x12.jpeg 16w, https:\/\/sellent.es\/wp-content\/uploads\/2025\/03\/diposits-2.jpeg 1536w\" sizes=\"auto, (max-width: 1024px) 100vw, 1024px\" \/><\/figure>","protected":false},"excerpt":{"rendered":"<p>El Ayuntamiento de Sellent ha adquirido 2 m\u00e1quinas nuevas, &quot;2 dep\u00f3sitos remolcables de agua: equipo d\u00fao multiprop\u00f3sito contra incendios forestales&quot; con la subvenci\u00f3n para la gesti\u00f3n forestal y la prevenci\u00f3n de incendios forestales de Reacciona 2023 de la Diputaci\u00f3n de Valencia por importe de 13.081,40 \u20ac con el fin de incentivar las inversiones.<\/p>","protected":false},"author":3,"featured_media":4503,"comment_status":"open","ping_status":"closed","sticky":false,"template":"","format":"standard","meta":{"footnotes":""},"categories":[10,7],"tags":[],"class_list":["post-4502","post","type-post","status-publish","format-standard","has-post-thumbnail","hentry","category-novedades","category-novetats","has-post-title","has-post-date","has-post-category","has-post-tag","has-post-comment","has-post-author",""],"builder_content":"<p>L\u2019Ajuntament de Sellent ha adquirit 2 m\u00e0quines noves, \"2 dip\u00f2sits remolcables d'aigua: equip duo multiprop\u00f2sit\u00a0contra incendis forestals\" amb la subvenci\u00f3\u00a0 per a la gesti\u00f3 forestal i la prevenci\u00f3 d\u2019incendis forestals de Reacciona 2023 de la Diputaci\u00f3 de Val\u00e8ncia per import de\u00a013.081,40\u00a0\u20ac per tal d\u2019incentivar les inversions en mat\u00e8ria de prevenci\u00f3 d\u2019incendis forestals.<\/p>","_links":{"self":[{"href":"https:\/\/sellent.es\/es\/wp-json\/wp\/v2\/posts\/4502","targetHints":{"allow":["GET"]}}],"collection":[{"href":"https:\/\/sellent.es\/es\/wp-json\/wp\/v2\/posts"}],"about":[{"href":"https:\/\/sellent.es\/es\/wp-json\/wp\/v2\/types\/post"}],"author":[{"embeddable":true,"href":"https:\/\/sellent.es\/es\/wp-json\/wp\/v2\/users\/3"}],"replies":[{"embeddable":true,"href":"https:\/\/sellent.es\/es\/wp-json\/wp\/v2\/comments?post=4502"}],"version-history":[{"count":2,"href":"https:\/\/sellent.es\/es\/wp-json\/wp\/v2\/posts\/4502\/revisions"}],"predecessor-version":[{"id":4506,"href":"https:\/\/sellent.es\/es\/wp-json\/wp\/v2\/posts\/4502\/revisions\/4506"}],"wp:featuredmedia":[{"embeddable":true,"href":"https:\/\/sellent.es\/es\/wp-json\/wp\/v2\/media\/4503"}],"wp:attachment":[{"href":"https:\/\/sellent.es\/es\/wp-json\/wp\/v2\/media?parent=4502"}],"wp:term":[{"taxonomy":"category","embeddable":true,"href":"https:\/\/sellent.es\/es\/wp-json\/wp\/v2\/categories?post=4502"},{"taxonomy":"post_tag","embeddable":true,"href":"https:\/\/sellent.es\/es\/wp-json\/wp\/v2\/tags?post=4502"}],"curies":[{"name":"wp","href":"https:\/\/api.w.org\/{rel}","templated":true}]}}