{"id":849,"date":"2022-01-05T15:16:00","date_gmt":"2022-01-05T14:16:00","guid":{"rendered":"https:\/\/sellent.websaccesibles.eu\/?p=849"},"modified":"2024-09-05T16:28:17","modified_gmt":"2024-09-05T16:28:17","slug":"empoblar-empoderar-per-a-poblar","status":"publish","type":"post","link":"https:\/\/sellent.es\/es\/empoblar-empoderar-per-a-poblar\/","title":{"rendered":"Empoblar, empoderar para poblar"},"content":{"rendered":"<figure class=\"wp-block-image aligncenter size-large is-resized\"><img decoding=\"async\" src=\"https:\/\/sellent.websaccesibles.eu\/wp-content\/uploads\/sites\/15\/2022\/08\/103528_foto-1024x1024.png\" alt=\"Cartell del programa Empoblar\" class=\"wp-image-850\" width=\"-187\" height=\"-187\" \/><figcaption>Cartel del programa Empoblar<\/figcaption><\/figure>\n\n\n\n<p>Empoblar, empoderar para poblar, es un proyecto cofinanciado en el marco del programa operativo de empleo juvenil del Fondo Social Europeo y gestionado por la Mancomunidad de la Ribera Alta.<\/p>\n\n\n\n<p>Ante el nuevo reto que supone la inserci\u00f3n laboral y la dinamizaci\u00f3n de la comarca, este proyecto pretende mejorar las condiciones demogr\u00e1ficas y fortalecer las capacidades emprendedoras de los municipios de la Ribera Alta afectados por retos demogr\u00e1ficos como la despoblaci\u00f3n o el envejecimiento.<\/p>\n\n\n\n<p>El principal objetivo del proyecto es ayudar a la juventud a trav\u00e9s de becas para fomentar y capacitar en el desarrollo de ideas de negocio, as\u00ed como impulsar la creaci\u00f3n de empresas con viabilidad t\u00e9cnica y econ\u00f3mica en los municipios m\u00e1s afectados por el fen\u00f3meno demogr\u00e1fico del despoblamiento .<\/p>\n\n\n\n<p>\u00bfA QUI\u00c9N VA DIRIGIDO?<\/p>\n\n\n\n<p>La poblaci\u00f3n a la que van dirigidas estas ayudas es aquella comprendida entre los 16 y 30 a\u00f1os (siempre que al iniciar la ayuda no excedan de treinta a\u00f1os y cuatro meses de edad). Adem\u00e1s, deben estar o quieran empadronarse en municipios de la comarca de la Ribera Alta en peligro de despoblamiento.<\/p>\n\n\n\n<p>\u00bfCU\u00c1LES SON LAS MODALIDADES DE AYUDAS?<\/p>\n\n\n\n<p>Existen dos l\u00edneas de ayudas dentro del programa EMPOBLAR:<\/p>\n\n\n\n<ul class=\"wp-block-list\"><li>&nbsp;EMPOLAR Crea. Ayudas directas para la creaci\u00f3n de empresas.<\/li><li>&nbsp;EMPOBLAR F\u00f3rmate. Becas formativas en autoempleo, turismo digital sostenible y<br>agrodigitalizaci\u00f3n.<\/li><\/ul>\n\n\n\n<p>EMPOLAR F\u00d3RMATE<\/p>\n\n\n\n<p>Becas formativas remuneradas con 13,45 euros por persona participante y d\u00eda de asistencia.<\/p>\n\n\n\n<ul class=\"wp-block-list\"><li>&nbsp;CREA Y EMPRENDE: Formaci\u00f3n espec\u00edfica en autoempleo y creaci\u00f3n de empresas (100h, 20<br>d\u00edas)<\/li><\/ul>\n\n\n\n<ul class=\"wp-block-list\"><li>&nbsp;CREA TURISMO SOSTENIBLE: Formaci\u00f3n espec\u00edfica en sectores emergentes de la Ribera<\/li><\/ul>\n\n\n\n<p><br>Alta. Turismo digital sostenible + CREA Y EMPRENDE (200h, 40 d\u00edas)<\/p>\n\n\n\n<ul class=\"wp-block-list\"><li>&nbsp;CREA AGRICULTURA DIGITAL: Formaci\u00f3n espec\u00edfica en sectores emergentes en la<br>Ribera Alta. Agrodigitalizaci\u00f3n + CREA Y EMPRENDE (200h, 40 d\u00edas)<\/li><\/ul>\n\n\n\n<p>\u2013 \u00bfCu\u00e1les son las condiciones?<\/p>\n\n\n\n<p><br>Las personas beneficiarias, que previamente deben estar en situaci\u00f3n de desempleo, tendr\u00e1n que estar inscritas en el Sistema de Garant\u00eda Juvenil y LABORA.<br>La asistencia al m\u00f3dulo formativo ser\u00e1 como m\u00ednimo del 90% de los d\u00edas para ser receptora de la beca.<\/p>\n\n\n\n<p><br>Los municipios adheridos a esta l\u00ednea de ayudas son: Alc\u00e1ntera del J\u00facar, Alfarp, Antella, Beneixida, Benimodo, Benimuslem, C\u00e1rcer, Castell\u00f3n, Catadau, Cotes, \u00c9nova, Gavarda, Guadassuar, Llombai, Manuel, Masalav\u00e9s, Montroi, la Puebla Larga, Rafelguaraf, Real, San Juanito, Sellent, Senyera, Sumac\u00e0rcer y Tous.<br><\/p>\n\n\n\n<p>\u2013 Calendario de formaci\u00f3n<\/p>\n\n\n\n<p>CREA TURISMO SOSTENIBLE + CREA Y EMPRENDE. Del 1 de marzo de 2022 al 23 de mayo de 2022<\/p>\n\n\n\n<p>Solicitud (plazo abierto del 10 de enero de 2022 al 4 de febrero de 2022): Acceso al tr\u00e1mite telem\u00e1tico de la solicitud a trav\u00e9s de la sede electr\u00f3nica de la Mancomunidad Ribera Alta<\/p>\n\n\n\n<p>CREA Y EMPRENDE (100h) Contenido de la formaci\u00f3n gen\u00e9rica 1. Ideas y oportunidades<\/p>\n\n\n\n<p>2. Recursos<\/p>\n\n\n\n<p>3. Paso a la acci\u00f3n<\/p>\n\n\n\n<p>4. Plan de negocio<\/p>\n\n\n\n<p>5. Mentoring y Shadowing<\/p>\n\n\n\n<p>CREA TURISMO SOSTENIBLE. Formaci\u00f3n espec\u00edfica en empresas de turismo sostenible, digital y rural (100h)<\/p>\n\n\n\n<p>Contenido de la formaci\u00f3n espec\u00edfica:<\/p>\n\n\n\n<p>1. El sector tur\u00edstico<\/p>\n\n\n\n<p>2. Turismo sostenible y responsable<\/p>\n\n\n\n<p>3. Producto tur\u00edstico<\/p>\n\n\n\n<p>4. La Ribera del J\u00facar, escenario de oportunidades 5. Marketing tur\u00edstico<\/p>\n\n\n\n<p>CREA AGRICULTURA DIGITAL + CREA Y EMPRENDE. Del 26 de mayo de 2022 al 19 de julio de 2022.<\/p>\n\n\n\n<p>Solicitud (plazo abierto a partir del 22 de marzo al 21 de abril)<\/p>\n\n\n\n<p>CREA Y EMPRENDE (100h) 1. Ideas y oportunidades<\/p>\n\n\n\n<p>2. Recursos<\/p>\n\n\n\n<p>3. Paso a la acci\u00f3n<\/p>\n\n\n\n<p>4. Plan de negocio<\/p>\n\n\n\n<p>5. Mentoring y Shadowing<\/p>\n\n\n\n<p>CREA AGRODIGITALIZACI\u00d3N (100h) 1. El sector agrario actual<\/p>\n\n\n\n<p>2. La tecnolog\u00eda en el campo<\/p>\n\n\n\n<p>3. Econom\u00eda agr\u00edcola y FabLab<\/p>\n\n\n\n<p>4. Internacionalizaci\u00f3n y sostenibilidad<\/p>\n\n\n\n<p>5. Capacitaci\u00f3n con carnet calificado de manipulaci\u00f3n de fitosanitarios<\/p>\n\n\n\n<p>CREA Y EMPRENDE.<\/p>\n\n\n\n<p>Primera edici\u00f3n: del 5 de septiembre al 30 de septiembre de 2022 Segunda edici\u00f3n: del 3 de octubre al 31 de octubre de 2022 Solicitud (plazo abierto 28 de junio hasta el 25 de julio)<\/p>\n\n\n\n<p>CREA Y EMPRENDE (100h)<\/p>\n\n\n\n<p>1. Ideas y oportunidades<\/p>\n\n\n\n<p>2. Recursos<\/p>\n\n\n\n<p>3. Paso a la acci\u00f3n<\/p>\n\n\n\n<p>4. Plan de negocio<\/p>\n\n\n\n<p>5. Mentoring y Shadowing<\/p>\n\n\n<!--themify_builder_static--><!--\/themify_builder_static-->","protected":false},"excerpt":{"rendered":"<p>Empoblar, empoderar para poblar<\/p>","protected":false},"author":1,"featured_media":850,"comment_status":"closed","ping_status":"closed","sticky":false,"template":"","format":"standard","meta":{"footnotes":""},"categories":[7],"tags":[],"class_list":["post-849","post","type-post","status-publish","format-standard","has-post-thumbnail","hentry","category-novetats","has-post-title","has-post-date","has-post-category","has-post-tag","has-post-comment","has-post-author",""],"builder_content":"","_links":{"self":[{"href":"https:\/\/sellent.es\/es\/wp-json\/wp\/v2\/posts\/849","targetHints":{"allow":["GET"]}}],"collection":[{"href":"https:\/\/sellent.es\/es\/wp-json\/wp\/v2\/posts"}],"about":[{"href":"https:\/\/sellent.es\/es\/wp-json\/wp\/v2\/types\/post"}],"author":[{"embeddable":true,"href":"https:\/\/sellent.es\/es\/wp-json\/wp\/v2\/users\/1"}],"replies":[{"embeddable":true,"href":"https:\/\/sellent.es\/es\/wp-json\/wp\/v2\/comments?post=849"}],"version-history":[{"count":2,"href":"https:\/\/sellent.es\/es\/wp-json\/wp\/v2\/posts\/849\/revisions"}],"predecessor-version":[{"id":3658,"href":"https:\/\/sellent.es\/es\/wp-json\/wp\/v2\/posts\/849\/revisions\/3658"}],"wp:featuredmedia":[{"embeddable":true,"href":"https:\/\/sellent.es\/es\/wp-json\/wp\/v2\/media\/850"}],"wp:attachment":[{"href":"https:\/\/sellent.es\/es\/wp-json\/wp\/v2\/media?parent=849"}],"wp:term":[{"taxonomy":"category","embeddable":true,"href":"https:\/\/sellent.es\/es\/wp-json\/wp\/v2\/categories?post=849"},{"taxonomy":"post_tag","embeddable":true,"href":"https:\/\/sellent.es\/es\/wp-json\/wp\/v2\/tags?post=849"}],"curies":[{"name":"wp","href":"https:\/\/api.w.org\/{rel}","templated":true}]}}